{"id":19185,"date":"2026-09-02T14:23:33","date_gmt":"2026-09-02T12:23:33","guid":{"rendered":"https:\/\/international.uew.pl\/catalogue-for-wueb-alumni\/"},"modified":"2026-09-02T14:40:37","modified_gmt":"2026-09-02T12:40:37","slug":"katalog-dla-absolwentow-uew","status":"publish","type":"post","link":"https:\/\/international.uew.pl\/pl\/katalog-dla-absolwentow-uew\/","title":{"rendered":"Absolwentem UEW jest si\u0119 na ca\u0142e \u017cycie! Katalog dla absolwent\u00f3w ju\u017c dost\u0119pny"},"content":{"rendered":"\n<p class=\"wp-block-paragraph\"><strong>Uko\u0144czenie studi\u00f3w to nie koniec relacji z Uniwersytetem Ekonomicznym we Wroc\u0142awiu &#8211; to pocz\u0105tek nowego etapu. Przedstawiamy katalog dla absolwent\u00f3w UEW, w kt\u00f3rym zebrali\u015bmy najwa\u017cniejsze mo\u017cliwo\u015bci, us\u0142ugi i inicjatywy dost\u0119pne po uko\u0144czeniu studi\u00f3w<\/strong>.<\/p>\n\n\n\n<div class=\"wp-block-columns are-vertically-aligned-center is-layout-flex wp-container-core-columns-is-layout-7387b849 wp-block-columns-is-layout-flex\">\n<div class=\"wp-block-column is-vertically-aligned-center is-layout-flow wp-block-column-is-layout-flow\">\n<p class=\"wp-block-paragraph\">W katalogu znajd\u0105 Pa\u0144stwo:<\/p>\n\n\n\n<ul class=\"wp-block-list\">\n<li>wsparcie Biura Karier Centrum Wsp\u00f3\u0142pracy z Biznesem i platform\u0119 JobTeaser,<\/li>\n\n\n\n<li>program mentoringowy oraz mo\u017cliwo\u015b\u0107 dzielenia si\u0119 wiedz\u0105 ze studentami,<\/li>\n\n\n\n<li>wyk\u0142ady go\u015bcinne i inne mo\u017cliwo\u015bci wsp\u00f3\u0142pracy z uczelni\u0105,<\/li>\n\n\n\n<li>cykl spotka\u0144 z inspiruj\u0105cymi absolwentami,<\/li>\n\n\n\n<li>ofert\u0119 inQUBE &#8211; Uniwersyteckiego Inkubatora Przedsi\u0119biorczo\u015bci,<\/li>\n\n\n\n<li>dost\u0119p do Biblioteki UEW i jej zasob\u00f3w,<\/li>\n\n\n\n<li>mo\u017cliwo\u015bci dalszego rozwoju dzi\u0119ki studiom podyplomowym i programowi Executive MBA,<\/li>\n\n\n\n<li>mo\u017cliwo\u015b\u0107 wynajmu przestrzeni UEW na szkolenia i wydarzenia,<\/li>\n\n\n\n<li>oferty partnerskie i oficjalne gad\u017cety UEW,<\/li>\n\n\n\n<li>najwa\u017cniejsze kana\u0142y komunikacji i grupy dla absolwent\u00f3w.<\/li>\n<\/ul>\n\n\n\n<p class=\"wp-block-paragraph\">To tak\u017ce zaproszenie do pozostania cz\u0119\u015bci\u0105 spo\u0142eczno\u015bci UEW &#8211; dzielenia si\u0119 do\u015bwiadczeniem, nawi\u0105zywania kontakt\u00f3w, anga\u017cowania si\u0119 w inicjatywy uczelni i budowania nowych projekt\u00f3w.<\/p>\n<\/div>\n\n\n\n<div class=\"wp-block-column is-vertically-aligned-center is-layout-flow wp-block-column-is-layout-flow\">\n<figure class=\"wp-block-image aligncenter size-large\"><a href=\"https:\/\/international.uew.pl\/wp-content\/uploads\/sites\/62\/2026\/09\/Catalogue-for-WUEB-Alumni.pdf\" target=\"_blank\" rel=\" noreferrer noopener\"><img decoding=\"async\" width=\"1024\" height=\"720\" src=\"https:\/\/international.uew.pl\/wp-content\/uploads\/sites\/62\/2026\/09\/Catalogue-for-WUEB-Alumni-1024x720.png\" alt=\"\" class=\"wp-image-19155\" srcset=\"https:\/\/international.uew.pl\/wp-content\/uploads\/sites\/62\/2026\/09\/Catalogue-for-WUEB-Alumni-1024x720.png 1024w, https:\/\/international.uew.pl\/wp-content\/uploads\/sites\/62\/2026\/09\/Catalogue-for-WUEB-Alumni-300x211.png 300w, https:\/\/international.uew.pl\/wp-content\/uploads\/sites\/62\/2026\/09\/Catalogue-for-WUEB-Alumni-768x540.png 768w, https:\/\/international.uew.pl\/wp-content\/uploads\/sites\/62\/2026\/09\/Catalogue-for-WUEB-Alumni-1536x1080.png 1536w, https:\/\/international.uew.pl\/wp-content\/uploads\/sites\/62\/2026\/09\/Catalogue-for-WUEB-Alumni-2048x1440.png 2048w\" sizes=\"(max-width: 1024px) 100vw, 1024px\" \/><\/a><\/figure>\n\n\n\n<p class=\"has-text-align-center has-small-font-size wp-block-paragraph\">Kliknij obrazek, aby otworzy\u0107 Katalog dla Absolwent\u00f3w UEW.<\/p>\n<\/div>\n<\/div>\n\n\n\n<hr class=\"wp-block-separator has-alpha-channel-opacity is-style-wide\"\/>\n\n\n\n<p class=\"wp-block-paragraph\">Oferta zosta\u0142a przygotowana w ramach projektu \u201eInternacjonalizacja Uczelni Ekonomicznej: Zintegrowany Program Rozwoju Kompetencji i Wsp\u00f3\u0142pracy Mi\u0119dzynarodowej\u201d, dofinansowanego przez Uni\u0119 Europejsk\u0105 w ramach Programu Fundusze Europejskie dla Rozwoju Spo\u0142ecznego 2021 \u2013 2027.<br>Nr umowy: BPI\/WTP\/2024\/1\/00068\/U\/00001<br>Program Welcome to Poland 2024, Narodowa Agencja Wymiany Akademickiej<\/p>\n","protected":false},"excerpt":{"rendered":"<p>Uko\u0144czenie studi\u00f3w to nie koniec relacji z Uniwersytetem Ekonomicznym we [&hellip;]<\/p>\n","protected":false},"author":101,"featured_media":19158,"comment_status":"closed","ping_status":"closed","sticky":false,"template":"","format":"standard","meta":{"_acf_changed":false,"inline_featured_image":false,"_uag_custom_page_level_css":"","site-sidebar-layout":"default","site-content-layout":"","ast-site-content-layout":"default","site-content-style":"default","site-sidebar-style":"default","ast-global-header-display":"","ast-banner-title-visibility":"","ast-main-header-display":"","ast-hfb-above-header-display":"","ast-hfb-below-header-display":"","ast-hfb-mobile-header-display":"","site-post-title":"","ast-breadcrumbs-content":"","ast-featured-img":"","footer-sml-layout":"","ast-disable-related-posts":"","theme-transparent-header-meta":"","adv-header-id-meta":"","stick-header-meta":"","header-above-stick-meta":"","header-main-stick-meta":"","header-below-stick-meta":"","astra-migrate-meta-layouts":"set","ast-page-background-enabled":"default","ast-page-background-meta":{"desktop":{"background-color":"var(--ast-global-color-4)","background-image":"","background-repeat":"repeat","background-position":"center center","background-size":"auto","background-attachment":"scroll","background-type":"","background-media":"","overlay-type":"","overlay-color":"","overlay-opacity":"","overlay-gradient":""},"tablet":{"background-color":"","background-image":"","background-repeat":"repeat","background-position":"center center","background-size":"auto","background-attachment":"scroll","background-type":"","background-media":"","overlay-type":"","overlay-color":"","overlay-opacity":"","overlay-gradient":""},"mobile":{"background-color":"","background-image":"","background-repeat":"repeat","background-position":"center center","background-size":"auto","background-attachment":"scroll","background-type":"","background-media":"","overlay-type":"","overlay-color":"","overlay-opacity":"","overlay-gradient":""}},"ast-content-background-meta":{"desktop":{"background-color":"var(--ast-global-color-5)","background-image":"","background-repeat":"repeat","background-position":"center center","background-size":"auto","background-attachment":"scroll","background-type":"","background-media":"","overlay-type":"","overlay-color":"","overlay-opacity":"","overlay-gradient":""},"tablet":{"background-color":"var(--ast-global-color-5)","background-image":"","background-repeat":"repeat","background-position":"center center","background-size":"auto","background-attachment":"scroll","background-type":"","background-media":"","overlay-type":"","overlay-color":"","overlay-opacity":"","overlay-gradient":""},"mobile":{"background-color":"var(--ast-global-color-5)","background-image":"","background-repeat":"repeat","background-position":"center center","background-size":"auto","background-attachment":"scroll","background-type":"","background-media":"","overlay-type":"","overlay-color":"","overlay-opacity":"","overlay-gradient":""}},"footnotes":""},"categories":[76],"tags":[],"class_list":["post-19185","post","type-post","status-publish","format-standard","has-post-thumbnail","hentry","category-news"],"acf":[],"featured_image_src":"https:\/\/international.uew.pl\/wp-content\/uploads\/sites\/62\/2026\/09\/Catalogue-for-WUEB-Alumni.png","author_info":{"display_name":"dgarczynski","author_link":"https:\/\/international.uew.pl\/pl\/author\/dgarczynski\/"},"uagb_featured_image_src":{"full":["https:\/\/international.uew.pl\/wp-content\/uploads\/sites\/62\/2026\/09\/Catalogue-for-WUEB-Alumni.png",2246,1579,false],"thumbnail":["https:\/\/international.uew.pl\/wp-content\/uploads\/sites\/62\/2026\/09\/Catalogue-for-WUEB-Alumni-150x150.png",150,150,true],"medium":["https:\/\/international.uew.pl\/wp-content\/uploads\/sites\/62\/2026\/09\/Catalogue-for-WUEB-Alumni-300x211.png",300,211,true],"medium_large":["https:\/\/international.uew.pl\/wp-content\/uploads\/sites\/62\/2026\/09\/Catalogue-for-WUEB-Alumni-768x540.png",768,540,true],"large":["https:\/\/international.uew.pl\/wp-content\/uploads\/sites\/62\/2026\/09\/Catalogue-for-WUEB-Alumni-1024x720.png",1024,720,true],"1536x1536":["https:\/\/international.uew.pl\/wp-content\/uploads\/sites\/62\/2026\/09\/Catalogue-for-WUEB-Alumni-1536x1080.png",1536,1080,true],"2048x2048":["https:\/\/international.uew.pl\/wp-content\/uploads\/sites\/62\/2026\/09\/Catalogue-for-WUEB-Alumni-2048x1440.png",2048,1440,true]},"uagb_author_info":{"display_name":"dgarczynski","author_link":"https:\/\/international.uew.pl\/pl\/author\/dgarczynski\/"},"uagb_comment_info":0,"uagb_excerpt":"Uko\u0144czenie studi\u00f3w to nie koniec relacji z Uniwersytetem Ekonomicznym we [&hellip;]","publishpress_future_action":{"enabled":false,"date":"2026-09-03 11:42:54","action":"change-status","newStatus":"draft","terms":[],"taxonomy":"category","extraData":[]},"publishpress_future_workflow_manual_trigger":{"enabledWorkflows":[]},"_links":{"self":[{"href":"https:\/\/international.uew.pl\/pl\/wp-json\/wp\/v2\/posts\/19185","targetHints":{"allow":["GET"]}}],"collection":[{"href":"https:\/\/international.uew.pl\/pl\/wp-json\/wp\/v2\/posts"}],"about":[{"href":"https:\/\/international.uew.pl\/pl\/wp-json\/wp\/v2\/types\/post"}],"author":[{"embeddable":true,"href":"https:\/\/international.uew.pl\/pl\/wp-json\/wp\/v2\/users\/101"}],"replies":[{"embeddable":true,"href":"https:\/\/international.uew.pl\/pl\/wp-json\/wp\/v2\/comments?post=19185"}],"version-history":[{"count":1,"href":"https:\/\/international.uew.pl\/pl\/wp-json\/wp\/v2\/posts\/19185\/revisions"}],"predecessor-version":[{"id":19191,"href":"https:\/\/international.uew.pl\/pl\/wp-json\/wp\/v2\/posts\/19185\/revisions\/19191"}],"wp:featuredmedia":[{"embeddable":true,"href":"https:\/\/international.uew.pl\/pl\/wp-json\/wp\/v2\/media\/19158"}],"wp:attachment":[{"href":"https:\/\/international.uew.pl\/pl\/wp-json\/wp\/v2\/media?parent=19185"}],"wp:term":[{"taxonomy":"category","embeddable":true,"href":"https:\/\/international.uew.pl\/pl\/wp-json\/wp\/v2\/categories?post=19185"},{"taxonomy":"post_tag","embeddable":true,"href":"https:\/\/international.uew.pl\/pl\/wp-json\/wp\/v2\/tags?post=19185"}],"curies":[{"name":"wp","href":"https:\/\/api.w.org\/{rel}","templated":true}]}}